{"id":2557,"date":"2023-04-26T23:38:29","date_gmt":"2023-04-26T18:38:29","guid":{"rendered":"https:\/\/colombianistas.org\/?p=2557"},"modified":"2023-04-27T00:05:41","modified_gmt":"2023-04-26T19:05:41","slug":"santiago-perez-triana-1858-1916","status":"publish","type":"post","link":"https:\/\/colombianistas.org\/wordpress\/index.php\/2023\/04\/26\/santiago-perez-triana-1858-1916\/","title":{"rendered":"Santiago P\u00e9rez Triana (1858-1916)"},"content":{"rendered":"<h2 style=\"text-align: center;\"><span style=\"color: #c92828;\">Santiago P\u00e9rez Triana (1858-1916):<br>Colombian Man of Letters and Crusader for Hemispheric Unity <\/span><\/h2>\n<p style=\"text-align: left;\"><span style=\"color: #000000;\">Autora: Jane M. Rausch<\/span><\/p>\n<p>Publicado por:&nbsp; Wiener Publishers, Incorporated, Markus. 2017<\/p>\n\n\n<p>El libro trata sobre la vida de P\u00e9rez Triana, hijo del presidente radical colombiano Santiago P\u00e9rez Manosalbas, quien se vio obligado a exiliarse tras un esc\u00e1ndalo relacionado con sus negocios. Huy\u00f3 por los Andes y comenz\u00f3 una nueva vida en Estados Unidos, Londres y Madrid. Despu\u00e9s de casarse con la hija de un millonario asociado de John D. Rockefeller, pudo centrarse en proyectos period\u00edsticos y fund\u00f3 la influyente revista Hispania. P\u00e9rez Triana apoy\u00f3 el movimiento de unidad hemisf\u00e9rica, respaldando la Doctrina Drago en la Conferencia de La Haya de 1907 y dando discursos apasionantes en la Conferencia Financiera Panamericana de 1915. Antes de su muerte, se convirti\u00f3 en un defensor ac\u00e9rrimo de la causa aliada en la Primera Guerra Mundial, consolidando su posici\u00f3n como una de las voces m\u00e1s poderosas de Am\u00e9rica Latina en la escena mundial. El libro fue escrito por Jane Rausch, autora de varios libros sobre Colombia y la historia de Am\u00e9rica Latina.<\/p>\n","protected":false},"excerpt":{"rendered":"<p>Santiago P\u00e9rez Triana (1858-1916):Colombian Man of Letters and Crusader for Hemispheric Unity Autora: Jane M. Rausch Publicado por:&nbsp; Wiener Publishers, Incorporated, Markus. 2017 El libro trata sobre la vida de P\u00e9rez Triana, hijo del presidente radical colombiano Santiago P\u00e9rez Manosalbas, quien se vio obligado a exiliarse tras un esc\u00e1ndalo relacionado con sus negocios. Huy\u00f3 por los Andes y comenz\u00f3 una nueva vida en Estados Unidos, Londres y Madrid. Despu\u00e9s de casarse con la hija de un millonario asociado de John D. Rockefeller, pudo centrarse en proyectos period\u00edsticos y fund\u00f3 la influyente revista Hispania. P\u00e9rez Triana apoy\u00f3 el movimiento de unidad&#8230; <\/p>\n","protected":false},"author":20,"featured_media":2558,"comment_status":"closed","ping_status":"closed","sticky":false,"template":"","format":"standard","meta":{"footnotes":""},"categories":[7],"tags":[66],"class_list":["post-2557","post","type-post","status-publish","format-standard","has-post-thumbnail","hentry","category-publicaciones","tag-publicaciones"],"_links":{"self":[{"href":"https:\/\/colombianistas.org\/wordpress\/index.php\/wp-json\/wp\/v2\/posts\/2557"}],"collection":[{"href":"https:\/\/colombianistas.org\/wordpress\/index.php\/wp-json\/wp\/v2\/posts"}],"about":[{"href":"https:\/\/colombianistas.org\/wordpress\/index.php\/wp-json\/wp\/v2\/types\/post"}],"author":[{"embeddable":true,"href":"https:\/\/colombianistas.org\/wordpress\/index.php\/wp-json\/wp\/v2\/users\/20"}],"replies":[{"embeddable":true,"href":"https:\/\/colombianistas.org\/wordpress\/index.php\/wp-json\/wp\/v2\/comments?post=2557"}],"version-history":[{"count":2,"href":"https:\/\/colombianistas.org\/wordpress\/index.php\/wp-json\/wp\/v2\/posts\/2557\/revisions"}],"predecessor-version":[{"id":2564,"href":"https:\/\/colombianistas.org\/wordpress\/index.php\/wp-json\/wp\/v2\/posts\/2557\/revisions\/2564"}],"wp:featuredmedia":[{"embeddable":true,"href":"https:\/\/colombianistas.org\/wordpress\/index.php\/wp-json\/wp\/v2\/media\/2558"}],"wp:attachment":[{"href":"https:\/\/colombianistas.org\/wordpress\/index.php\/wp-json\/wp\/v2\/media?parent=2557"}],"wp:term":[{"taxonomy":"category","embeddable":true,"href":"https:\/\/colombianistas.org\/wordpress\/index.php\/wp-json\/wp\/v2\/categories?post=2557"},{"taxonomy":"post_tag","embeddable":true,"href":"https:\/\/colombianistas.org\/wordpress\/index.php\/wp-json\/wp\/v2\/tags?post=2557"}],"curies":[{"name":"wp","href":"https:\/\/api.w.org\/{rel}","templated":true}]}}